{"id":943,"date":"2015-06-12T14:19:15","date_gmt":"2015-06-12T12:19:15","guid":{"rendered":"http:\/\/dreadbag.de\/dreadbag\/?p=943"},"modified":"2021-08-24T09:51:30","modified_gmt":"2021-08-24T07:51:30","slug":"dreadbag-festival-saison-2015","status":"publish","type":"post","link":"https:\/\/dreadbag.de\/dreadbag\/dreadbag-festival-saison-2015\/","title":{"rendered":"Dreadbag Festival Saison 2015"},"content":{"rendered":"<div id=\"ez-toc-container\" class=\"ez-toc-v2_0_87 counter-hierarchy ez-toc-counter ez-toc-white ez-toc-container-direction\">\n<div class=\"ez-toc-title-container\">\n<p class=\"ez-toc-title\" style=\"cursor:inherit\">Inhaltsverzeichnis<\/p>\n<span class=\"ez-toc-title-toggle\"><a href=\"#\" class=\"ez-toc-pull-right ez-toc-btn ez-toc-btn-xs ez-toc-btn-default ez-toc-toggle\" aria-label=\"Toggle Table of Content\"><span class=\"ez-toc-js-icon-con\"><span class=\"\"><span class=\"eztoc-hide\" style=\"display:none;\">Toggle<\/span><span class=\"ez-toc-icon-toggle-span\"><svg style=\"fill: #999;color:#999\" xmlns=\"http:\/\/www.w3.org\/2000\/svg\" class=\"list-377408\" width=\"20px\" height=\"20px\" viewBox=\"0 0 24 24\" fill=\"none\"><path d=\"M6 6H4v2h2V6zm14 0H8v2h12V6zM4 11h2v2H4v-2zm16 0H8v2h12v-2zM4 16h2v2H4v-2zm16 0H8v2h12v-2z\" fill=\"currentColor\"><\/path><\/svg><svg style=\"fill: #999;color:#999\" class=\"arrow-unsorted-368013\" xmlns=\"http:\/\/www.w3.org\/2000\/svg\" width=\"10px\" height=\"10px\" viewBox=\"0 0 24 24\" version=\"1.2\" baseProfile=\"tiny\"><path d=\"M18.2 9.3l-6.2-6.3-6.2 6.3c-.2.2-.3.4-.3.7s.1.5.3.7c.2.2.4.3.7.3h11c.3 0 .5-.1.7-.3.2-.2.3-.5.3-.7s-.1-.5-.3-.7zM5.8 14.7l6.2 6.3 6.2-6.3c.2-.2.3-.5.3-.7s-.1-.5-.3-.7c-.2-.2-.4-.3-.7-.3h-11c-.3 0-.5.1-.7.3-.2.2-.3.5-.3.7s.1.5.3.7z\"\/><\/svg><\/span><\/span><\/span><\/a><\/span><\/div>\n<nav><ul class='ez-toc-list ez-toc-list-level-1 ' ><li class='ez-toc-page-1 ez-toc-heading-level-2'><a class=\"ez-toc-link ez-toc-heading-1\" href=\"https:\/\/dreadbag.de\/dreadbag\/dreadbag-festival-saison-2015\/#hallo_liebe_dreadbag_freunde\" >Hallo liebe Dreadbag Freunde,<\/a><ul class='ez-toc-list-level-4' ><li class='ez-toc-heading-level-4'><ul class='ez-toc-list-level-4' ><li class='ez-toc-heading-level-4'><a class=\"ez-toc-link ez-toc-heading-2\" href=\"https:\/\/dreadbag.de\/dreadbag\/dreadbag-festival-saison-2015\/#dreadbag_festival_saison_2015\" >Dreadbag Festival Saison 2015<\/a><\/li><\/ul><\/li><\/ul><\/li><\/ul><\/nav><\/div>\n<h2><span class=\"ez-toc-section\" id=\"hallo_liebe_dreadbag_freunde\"><\/span><a href=\"https:\/\/dreadbag.de\/dreadbag\/wp-content\/uploads\/2014\/07\/dreadbag_galerie-18.jpg\"><img decoding=\"async\" class=\"alignleft wp-image-290\" src=\"https:\/\/dreadbag.de\/dreadbag\/wp-content\/uploads\/2014\/07\/dreadbag_galerie-18-297x396.jpg\" alt=\"Dreadlock cap shop\" width=\"90\" height=\"120\" srcset=\"https:\/\/dreadbag.de\/dreadbag\/wp-content\/uploads\/2014\/07\/dreadbag_galerie-18-297x396.jpg 297w, https:\/\/dreadbag.de\/dreadbag\/wp-content\/uploads\/2014\/07\/dreadbag_galerie-18-191x254.jpg 191w, https:\/\/dreadbag.de\/dreadbag\/wp-content\/uploads\/2014\/07\/dreadbag_galerie-18-300x400.jpg 300w, https:\/\/dreadbag.de\/dreadbag\/wp-content\/uploads\/2014\/07\/dreadbag_galerie-18.jpg 720w\" sizes=\"(max-width: 90px) 100vw, 90px\" \/><\/a>Hallo liebe Dreadbag Freunde,<span class=\"ez-toc-section-end\"><\/span><\/h2>\n<p style=\"text-align: justify;\">wir sind diesen Sommer wieder mit unseren Dreadbag St\u00e4nden auf so einigen &#8220;Reggae Festivals&#8221; vertreten. Ihr seid alle herzlich eingeladen uns zu besuchen. Bei uns k\u00f6nnt Ihr in harmonischer Atmosph\u00e4re und in aller Ruhe Dreadbags anprobieren und nat\u00fcrlich auch kaufen. <em><strong>Und auf welchen Festivals sind wir jetzt genau?<\/strong><\/em><\/p>\n<h4><span class=\"ez-toc-section\" id=\"dreadbag_festival_saison_2015\"><\/span>Dreadbag Festival Saison 2015<span class=\"ez-toc-section-end\"><\/span><\/h4>\n<p>25.06. &#8211; 28.06. &#8211; <strong>Fusion Festival<\/strong> &#8211; L\u00e4rz &#8211; <em><a href=\"http:\/\/www.fusion-festival.de\" target=\"_blank\" rel=\"noopener\">www.Fusion-Festival.de<\/a><\/em><br \/>\n03.07. &#8211; 05.07. &#8211; <strong>Summerjam<\/strong> &#8211; K\u00f6ln &#8211; <em><a href=\"http:\/\/www.summerjam.de\" target=\"_blank\" rel=\"noopener\">www.Summerjam.de<\/a><\/em><br \/>\n17.07. &#8211; 19.07. &#8211; <strong>Afrika Karibik Fest &#8211; <\/strong>Wassertr\u00fcdingen &#8211; <em><a href=\"http:\/\/afrika-karibik-fest.de\/\" target=\"_blank\" rel=\"noopener\">www.Afrika-Karibik-Fest.de<\/a><\/em><br \/>\n24.07. &#8211; 26.07. &#8211; <strong>Reggae Jam<\/strong> &#8211; Bersenbr\u00fcck &#8211; <em><a href=\"http:\/\/www.reggaejam.de\" target=\"_blank\" rel=\"noopener\">www.ReggaeJam.de<\/a><\/em><br \/>\n31.07. &#8211; 01.08. &#8211; <strong>Reggae Geel<\/strong> &#8211; Geel (Belgien) &#8211; <em><a href=\"http:\/\/www.reggaegeel.com\/\" target=\"_blank\" rel=\"noopener\">www.ReggaeGeel.com<\/a><\/em><br \/>\n13.08. &#8211; 16.08. &#8211;<strong> Afrika Karibik Fest &#8211; <\/strong>Aschaffenburg &#8211; <em><a href=\"http:\/\/www.karibik-festival.de\/\" target=\"_blank\" rel=\"noopener\">www.Karibik-Festival.de<\/a><\/em><br \/>\nFr. 23.10.2014 &#8211; <strong>Peter Tosh Birthdaybash<\/strong> &#8211; Regensburg &#8211; <em><a href=\"http:\/\/www.petertoshbirthdaybash.com\" target=\"_blank\" rel=\"noopener\">www.PeterToshBirthdaybash.com<\/a><\/em><\/p>\n<p style=\"text-align: justify;\">In Geel (Belgien) sind wir leider pers\u00f6nlich nicht dabei, aber sehr gute Freunde von uns verkaufen dort in unserem Namen auch Dreadbags &#8211; Freut Euch auf die Jungs, die sind super! Wir w\u00fcnschen Euch einen super sch\u00f6nen Sommer, ganz viel Spa\u00df, Liebe, Freude und das Ihr gesund bleibt. <em><strong>Wir sehen uns!<\/strong><\/em><\/p>\n<p><em>Stay Irie and Blessed Love!<\/em><\/p>\n<p><strong>Euer Dreadbag Team<\/strong><\/p>\n","protected":false},"excerpt":{"rendered":"<p>Hallo liebe Dreadbag Freunde, wir sind diesen Sommer wieder mit unseren Dreadbag St\u00e4nden auf so einigen &#8220;Reggae Festivals&#8221; vertreten. Ihr seid alle herzlich eingeladen uns zu besuchen. Bei uns k\u00f6nnt Ihr in harmonischer Atmosph\u00e4re und in aller Ruhe Dreadbags anprobieren und nat\u00fcrlich auch kaufen. Und auf welchen Festivals sind wir jetzt genau? Dreadbag Festival Saison<a href=\"https:\/\/dreadbag.de\/dreadbag\/dreadbag-festival-saison-2015\/\" class=\"more-link\">Mehr lesen<\/a><\/p>\n","protected":false},"author":1,"featured_media":5079,"comment_status":"closed","ping_status":"closed","sticky":false,"template":"","format":"image","meta":{"footnotes":""},"categories":[1],"tags":[],"class_list":["post-943","post","type-post","status-publish","format-image","has-post-thumbnail","hentry","category-neues-vom-dreadbag","post_format-post-format-image","entry","col-xs-12"],"_links":{"self":[{"href":"https:\/\/dreadbag.de\/dreadbag\/wp-json\/wp\/v2\/posts\/943","targetHints":{"allow":["GET"]}}],"collection":[{"href":"https:\/\/dreadbag.de\/dreadbag\/wp-json\/wp\/v2\/posts"}],"about":[{"href":"https:\/\/dreadbag.de\/dreadbag\/wp-json\/wp\/v2\/types\/post"}],"author":[{"embeddable":true,"href":"https:\/\/dreadbag.de\/dreadbag\/wp-json\/wp\/v2\/users\/1"}],"replies":[{"embeddable":true,"href":"https:\/\/dreadbag.de\/dreadbag\/wp-json\/wp\/v2\/comments?post=943"}],"version-history":[{"count":0,"href":"https:\/\/dreadbag.de\/dreadbag\/wp-json\/wp\/v2\/posts\/943\/revisions"}],"wp:featuredmedia":[{"embeddable":true,"href":"https:\/\/dreadbag.de\/dreadbag\/wp-json\/wp\/v2\/media\/5079"}],"wp:attachment":[{"href":"https:\/\/dreadbag.de\/dreadbag\/wp-json\/wp\/v2\/media?parent=943"}],"wp:term":[{"taxonomy":"category","embeddable":true,"href":"https:\/\/dreadbag.de\/dreadbag\/wp-json\/wp\/v2\/categories?post=943"},{"taxonomy":"post_tag","embeddable":true,"href":"https:\/\/dreadbag.de\/dreadbag\/wp-json\/wp\/v2\/tags?post=943"}],"curies":[{"name":"wp","href":"https:\/\/api.w.org\/{rel}","templated":true}]}}